{"id":616,"date":"2023-11-20T19:47:40","date_gmt":"2023-11-20T22:47:40","guid":{"rendered":"https:\/\/cruzoletto.com.br\/?p=616"},"modified":"2023-11-20T19:47:40","modified_gmt":"2023-11-20T22:47:40","slug":"20-de-novembro-dia-da-consciencia-negra","status":"publish","type":"post","link":"https:\/\/cruzoletto.com.br\/index.php\/2023\/11\/20\/20-de-novembro-dia-da-consciencia-negra\/","title":{"rendered":"20 de novembro DIA DA CONSCI\u00caNCIA NEGRA"},"content":{"rendered":"\n<p>\u2018\u2019Ser negro pra mim \u00e9 sentir o tom das ra\u00edzes ancestrais no badalar dos cord\u00f5es entrela\u00e7ados da alma coletiva rompendo os grilh\u00f5es do medo existencial\u2026.<\/p>\n\n\n\n<p>Uma voz de resist\u00eancia coletiva\/Um ato de resist\u00eancia coletiva\u2019\u2019<\/p>\n\n\n\n<p>Jo\u00e3o Vitor Cruzoletto<br>Soci\u00f3logo, Cantor, Compositor e Diretor da Cruzoletto<\/p>\n\n\n\n<figure class=\"wp-block-image size-full\"><img decoding=\"async\" loading=\"lazy\" width=\"882\" height=\"622\" src=\"http:\/\/cruzoletto.com.br\/wp-content\/uploads\/2023\/11\/WhatsApp-Image-2023-11-20-at-19.28.23.jpeg\" alt=\"\" class=\"wp-image-617\" srcset=\"https:\/\/cruzoletto.com.br\/wp-content\/uploads\/2023\/11\/WhatsApp-Image-2023-11-20-at-19.28.23.jpeg 882w, https:\/\/cruzoletto.com.br\/wp-content\/uploads\/2023\/11\/WhatsApp-Image-2023-11-20-at-19.28.23-300x212.jpeg 300w, https:\/\/cruzoletto.com.br\/wp-content\/uploads\/2023\/11\/WhatsApp-Image-2023-11-20-at-19.28.23-768x542.jpeg 768w\" sizes=\"(max-width: 882px) 100vw, 882px\" \/><\/figure>\n","protected":false},"excerpt":{"rendered":"<p>\u2018\u2019Ser negro pra mim \u00e9 sentir o tom das ra\u00edzes ancestrais no badalar dos cord\u00f5es entrela\u00e7ados da alma coletiva rompendo os grilh\u00f5es do medo existencial\u2026. Uma voz de resist\u00eancia coletiva\/Um ato de resist\u00eancia coletiva\u2019\u2019 Jo\u00e3o Vitor CruzolettoSoci\u00f3logo, Cantor, Compositor e Diretor da Cruzoletto<\/p>\n","protected":false},"author":1,"featured_media":617,"comment_status":"open","ping_status":"open","sticky":false,"template":"","format":"standard","meta":[],"categories":[10],"tags":[],"_links":{"self":[{"href":"https:\/\/cruzoletto.com.br\/index.php\/wp-json\/wp\/v2\/posts\/616"}],"collection":[{"href":"https:\/\/cruzoletto.com.br\/index.php\/wp-json\/wp\/v2\/posts"}],"about":[{"href":"https:\/\/cruzoletto.com.br\/index.php\/wp-json\/wp\/v2\/types\/post"}],"author":[{"embeddable":true,"href":"https:\/\/cruzoletto.com.br\/index.php\/wp-json\/wp\/v2\/users\/1"}],"replies":[{"embeddable":true,"href":"https:\/\/cruzoletto.com.br\/index.php\/wp-json\/wp\/v2\/comments?post=616"}],"version-history":[{"count":1,"href":"https:\/\/cruzoletto.com.br\/index.php\/wp-json\/wp\/v2\/posts\/616\/revisions"}],"predecessor-version":[{"id":618,"href":"https:\/\/cruzoletto.com.br\/index.php\/wp-json\/wp\/v2\/posts\/616\/revisions\/618"}],"wp:featuredmedia":[{"embeddable":true,"href":"https:\/\/cruzoletto.com.br\/index.php\/wp-json\/wp\/v2\/media\/617"}],"wp:attachment":[{"href":"https:\/\/cruzoletto.com.br\/index.php\/wp-json\/wp\/v2\/media?parent=616"}],"wp:term":[{"taxonomy":"category","embeddable":true,"href":"https:\/\/cruzoletto.com.br\/index.php\/wp-json\/wp\/v2\/categories?post=616"},{"taxonomy":"post_tag","embeddable":true,"href":"https:\/\/cruzoletto.com.br\/index.php\/wp-json\/wp\/v2\/tags?post=616"}],"curies":[{"name":"wp","href":"https:\/\/api.w.org\/{rel}","templated":true}]}}