{"id":611,"date":"2023-10-18T22:05:46","date_gmt":"2023-10-19T01:05:46","guid":{"rendered":"https:\/\/cruzoletto.com.br\/?p=611"},"modified":"2023-10-18T22:05:46","modified_gmt":"2023-10-19T01:05:46","slug":"o-saber-localizado-vivenciado-na-fronteira-relacional-dos-trabalhadores-que-atuam-em-territorios-de-desastre","status":"publish","type":"post","link":"https:\/\/cruzoletto.com.br\/index.php\/2023\/10\/18\/o-saber-localizado-vivenciado-na-fronteira-relacional-dos-trabalhadores-que-atuam-em-territorios-de-desastre\/","title":{"rendered":"O \u201cSaber Localizado\u201d vivenciado na fronteira relacional dos trabalhadores que atuam em \u201cTerrit\u00f3rios de Desastre\u201d"},"content":{"rendered":"\n<p>Me localizar na \u201cfronteira relacional dos trabalhadores\u201d ao longo da minha trajet\u00f3ria acad\u00eamica e laboral, em especial nesses \u00faltimos 06 anos atuando na recupera\u00e7\u00e3o ambiental nos \u201cTerrit\u00f3rios de Desastre\u201d (de afeta\u00e7\u00e3o e de impacto) do Rio Doce e de Mariana, me possibilitou elaborar um m\u00e9todo de pesquisa inovador, que coloca o trabalhador n\u00e3o s\u00f3 no centro das decis\u00f5es enquanto objeto de estudo, mas que permite ao trabalhador ser pesquisador e protagonista na elabora\u00e7\u00e3o de estudos sobre suas condi\u00e7\u00f5es de trabalho.<\/p>\n\n\n\n<p>Por meio de um \u201csaber localizado\u201d nesta fronteira relacional posso contribuir, enquanto pesquisador-trabalhador, dando foco nas viv\u00eancias da for\u00e7a do trabalho, a fim de potencializar o entendimento sobre as din\u00e2micas das afeta\u00e7\u00f5es sociais que se estabelecem nos \u201cTerrit\u00f3rios de Desastre\u201d. Territ\u00f3rios que possuem uma complexa singularidade (cada territ\u00f3rio \u00e9 \u00fanico). Territ\u00f3rios disputados por atores sociais (<em>stakeholders<\/em>) que possuem for\u00e7as desiguais, os quais interagem e se correlacionam mediante a interesses que podem ser distintos (ou n\u00e3o). Atores sociais que formulam \u201cenquadramentos categ\u00f3ricos\u201d pr\u00f3prios, conforme sua leitura territorial.<\/p>\n\n\n\n<p>Vivenciar \u201ctemporalidades e espacialidades distintas, diacr\u00f4nicas e esfaceladas\u201d nesses territ\u00f3rios \u00e9 evidenciar uma premissa b\u00e1sica que se estabelece nos contextos das cat\u00e1strofes ambientais, latente na fronteira relacional dos trabalhadores: \u201c<strong><em>onde h\u00e1 afeta\u00e7\u00e3o, existem afetos e se constroem os afetados<\/em><\/strong>\u201d (CRUZOLETTO, 2022).&nbsp;<\/p>\n\n\n\n<p>Escrito por Jo\u00e3o Vitor Cruzoletto (18\/10\/2023).<\/p>\n","protected":false},"excerpt":{"rendered":"<p>Me localizar na \u201cfronteira relacional dos trabalhadores\u201d ao longo da minha trajet\u00f3ria acad\u00eamica e laboral, em especial nesses \u00faltimos 06 anos atuando na recupera\u00e7\u00e3o ambiental nos \u201cTerrit\u00f3rios de Desastre\u201d (de afeta\u00e7\u00e3o e de impacto) do Rio Doce e de Mariana, me possibilitou elaborar um m\u00e9todo de pesquisa inovador, que coloca o trabalhador n\u00e3o s\u00f3 no centro das decis\u00f5es enquanto objeto de estudo, mas que permite ao trabalhador ser pesquisador e protagonista na elabora\u00e7\u00e3o de estudos sobre suas condi\u00e7\u00f5es de trabalho. Por meio de um \u201csaber localizado\u201d nesta fronteira relacional posso contribuir, enquanto pesquisador-trabalhador, dando foco nas viv\u00eancias da for\u00e7a do<\/p>\n","protected":false},"author":1,"featured_media":612,"comment_status":"open","ping_status":"open","sticky":false,"template":"","format":"standard","meta":[],"categories":[9,12],"tags":[],"_links":{"self":[{"href":"https:\/\/cruzoletto.com.br\/index.php\/wp-json\/wp\/v2\/posts\/611"}],"collection":[{"href":"https:\/\/cruzoletto.com.br\/index.php\/wp-json\/wp\/v2\/posts"}],"about":[{"href":"https:\/\/cruzoletto.com.br\/index.php\/wp-json\/wp\/v2\/types\/post"}],"author":[{"embeddable":true,"href":"https:\/\/cruzoletto.com.br\/index.php\/wp-json\/wp\/v2\/users\/1"}],"replies":[{"embeddable":true,"href":"https:\/\/cruzoletto.com.br\/index.php\/wp-json\/wp\/v2\/comments?post=611"}],"version-history":[{"count":1,"href":"https:\/\/cruzoletto.com.br\/index.php\/wp-json\/wp\/v2\/posts\/611\/revisions"}],"predecessor-version":[{"id":613,"href":"https:\/\/cruzoletto.com.br\/index.php\/wp-json\/wp\/v2\/posts\/611\/revisions\/613"}],"wp:featuredmedia":[{"embeddable":true,"href":"https:\/\/cruzoletto.com.br\/index.php\/wp-json\/wp\/v2\/media\/612"}],"wp:attachment":[{"href":"https:\/\/cruzoletto.com.br\/index.php\/wp-json\/wp\/v2\/media?parent=611"}],"wp:term":[{"taxonomy":"category","embeddable":true,"href":"https:\/\/cruzoletto.com.br\/index.php\/wp-json\/wp\/v2\/categories?post=611"},{"taxonomy":"post_tag","embeddable":true,"href":"https:\/\/cruzoletto.com.br\/index.php\/wp-json\/wp\/v2\/tags?post=611"}],"curies":[{"name":"wp","href":"https:\/\/api.w.org\/{rel}","templated":true}]}}