{"id":579,"date":"2023-07-09T21:46:09","date_gmt":"2023-07-10T00:46:09","guid":{"rendered":"https:\/\/cruzoletto.com.br\/?p=579"},"modified":"2023-07-09T21:52:18","modified_gmt":"2023-07-10T00:52:18","slug":"esg-marca-mercadologica-ou-mudanca-de-racionalidade-economica","status":"publish","type":"post","link":"https:\/\/cruzoletto.com.br\/index.php\/2023\/07\/09\/esg-marca-mercadologica-ou-mudanca-de-racionalidade-economica\/","title":{"rendered":"ESG: Marca mercadol\u00f3gica ou mudan\u00e7a de racionalidade econ\u00f4mica?"},"content":{"rendered":"\n<p class=\"has-text-align-left\">ESG, a sigla do momento. Seria a conex\u00e3o entre as \u00e1reas ambientais, sociais e de governan\u00e7a das organiza\u00e7\u00f5es p\u00fablicas e privadas. Um s\u00edmbolo de credibilidade no mercado. Uma marca de visibilidade ambiental mundial. Mas at\u00e9 que ponto ESG pode significar uma nova forma de pensar a quest\u00e3o ambiental contempor\u00e2nea?<\/p>\n\n\n\n<p class=\"has-text-align-left\">Na teoria, uma s\u00e9rie de crit\u00e9rios estrat\u00e9gicos e enquadramentos categ\u00f3ricos visam avalizar o seu conceito. Inclusive, as empresas necessitam se adequar aos princ\u00edpios e \u00e0s diretrizes ESGs para conseguirem financiar as suas atua\u00e7\u00f5es. Ganhar o t\u00edtulo de empresa ambientalmente sustent\u00e1vel se tornou relevante e altamente lucrativo para o mundo dos neg\u00f3cios. Adequar os seus padr\u00f5es de desempenho aos objetivos de desenvolvimento sustent\u00e1vel virou uma meta gerencial para as grandes corpora\u00e7\u00f5es. E isso \u00e9 \u00f3timo!<\/p>\n\n\n\n<p class=\"has-text-align-left\">Por\u00e9m, na pr\u00e1tica, a simbiose entre as siglas n\u00e3o ocorre de forma uniforme e org\u00e2nica. H\u00e1 uma fragmenta\u00e7\u00e3o institucional entre as \u00e1reas, escalonada na medida da sua import\u00e2ncia para o mercado. O Ambiental se sobrep\u00f5e \u00e0 Governan\u00e7a (ou vice-versa). O Social vem logo atr\u00e1s nessa escala de import\u00e2ncia. Quer um bom indicador: avalie o valor de cada profissional que comp\u00f5e essa sigla: possivelmente o trabalhador da \u00e1rea social ter\u00e1 a menor import\u00e2ncia e o menor sal\u00e1rio. Caso exista na empresa a unifica\u00e7\u00e3o da sigla, qual a forma\u00e7\u00e3o do trabalhador que a representa nos postos de ger\u00eancia\/coordena\u00e7\u00e3o? Dificilmente ser\u00e1 algu\u00e9m da \u00e1rea de humanas e sociais.<\/p>\n\n\n\n<p class=\"has-text-align-left\">Vamos a um segundo exemplo: Um grande empreendimento se instala em um determinado territ\u00f3rio para se tornar o baluarte da transi\u00e7\u00e3o energ\u00e9tica no pa\u00eds (pensem nas grandes usinas hidrel\u00e9tricas e nos imensos parques de gera\u00e7\u00e3o de energia solar e e\u00f3lica). Milh\u00f5es s\u00e3o investidos para a produ\u00e7\u00e3o da energia, de prefer\u00eancia verde e sustent\u00e1vel. As propagandas publicit\u00e1rias enfatizam que, no \u00e2mbito das suas governan\u00e7as internas, existe uma postura afirmativa para a resolu\u00e7\u00e3o das quest\u00f5es de g\u00eanero e de ra\u00e7a (mesmo que ainda incipientes). Por\u00e9m, por vezes, a instala\u00e7\u00e3o desses empreendimentos se blinda contra as realidades de vulnerabilidade socioecon\u00f4mica vivenciadas nesses territ\u00f3rios. Ignoram a presen\u00e7a da desigualdade social encontrada nos seus entornos.<\/p>\n\n\n\n<p class=\"has-text-align-left\">Enquanto Soci\u00f3logo, parto da perspectiva de que o ambiente \u00e9 o potencial produtivo articulador do ser humano das esferas naturais e das esferas sociais. N\u00e3o existe ambiental separado de social. O Social comp\u00f5e o Ambiental. Para que se efetive o ESG nas organiza\u00e7\u00f5es faz-se necess\u00e1rio encarar a problem\u00e1tica da realidade social posta nos territ\u00f3rios pela quest\u00e3o ambiental contemporaneamente. Produzir um ambiente sustent\u00e1vel em suas dimens\u00f5es sociais necessita ganhar a devida relev\u00e2ncia na gera\u00e7\u00e3o dos neg\u00f3cios.<\/p>\n\n\n\n<p class=\"has-text-align-left\">Jo\u00e3o Vitor Cruzoletto<\/p>\n","protected":false},"excerpt":{"rendered":"<p>ESG, a sigla do momento. Seria a conex\u00e3o entre as \u00e1reas ambientais, sociais e de governan\u00e7a das organiza\u00e7\u00f5es p\u00fablicas e privadas. Um s\u00edmbolo de credibilidade no mercado. Uma marca de visibilidade ambiental mundial. Mas at\u00e9 que ponto ESG pode significar uma nova forma de pensar a quest\u00e3o ambiental contempor\u00e2nea? Na teoria, uma s\u00e9rie de crit\u00e9rios estrat\u00e9gicos e enquadramentos categ\u00f3ricos visam avalizar o seu conceito. Inclusive, as empresas necessitam se adequar aos princ\u00edpios e \u00e0s diretrizes ESGs para conseguirem financiar as suas atua\u00e7\u00f5es. Ganhar o t\u00edtulo de empresa ambientalmente sustent\u00e1vel se tornou relevante e altamente lucrativo para o mundo dos neg\u00f3cios.<\/p>\n","protected":false},"author":1,"featured_media":580,"comment_status":"open","ping_status":"open","sticky":false,"template":"","format":"standard","meta":[],"categories":[27],"tags":[],"_links":{"self":[{"href":"https:\/\/cruzoletto.com.br\/index.php\/wp-json\/wp\/v2\/posts\/579"}],"collection":[{"href":"https:\/\/cruzoletto.com.br\/index.php\/wp-json\/wp\/v2\/posts"}],"about":[{"href":"https:\/\/cruzoletto.com.br\/index.php\/wp-json\/wp\/v2\/types\/post"}],"author":[{"embeddable":true,"href":"https:\/\/cruzoletto.com.br\/index.php\/wp-json\/wp\/v2\/users\/1"}],"replies":[{"embeddable":true,"href":"https:\/\/cruzoletto.com.br\/index.php\/wp-json\/wp\/v2\/comments?post=579"}],"version-history":[{"count":3,"href":"https:\/\/cruzoletto.com.br\/index.php\/wp-json\/wp\/v2\/posts\/579\/revisions"}],"predecessor-version":[{"id":583,"href":"https:\/\/cruzoletto.com.br\/index.php\/wp-json\/wp\/v2\/posts\/579\/revisions\/583"}],"wp:featuredmedia":[{"embeddable":true,"href":"https:\/\/cruzoletto.com.br\/index.php\/wp-json\/wp\/v2\/media\/580"}],"wp:attachment":[{"href":"https:\/\/cruzoletto.com.br\/index.php\/wp-json\/wp\/v2\/media?parent=579"}],"wp:term":[{"taxonomy":"category","embeddable":true,"href":"https:\/\/cruzoletto.com.br\/index.php\/wp-json\/wp\/v2\/categories?post=579"},{"taxonomy":"post_tag","embeddable":true,"href":"https:\/\/cruzoletto.com.br\/index.php\/wp-json\/wp\/v2\/tags?post=579"}],"curies":[{"name":"wp","href":"https:\/\/api.w.org\/{rel}","templated":true}]}}